{"id":5777,"date":"2024-10-07T07:54:31","date_gmt":"2024-10-07T05:54:31","guid":{"rendered":"https:\/\/precognox.com\/blog\/az-ai-lesz-a-fokuszban\/"},"modified":"2025-07-22T15:23:17","modified_gmt":"2025-07-22T13:23:17","slug":"az-ai-lesz-a-fokuszban","status":"publish","type":"post","link":"https:\/\/precognox.com\/hu\/blog\/az-ai-lesz-a-fokuszban\/","title":{"rendered":"Az AI lesz a f\u00f3kuszban"},"content":{"rendered":"\n<p><a href=\"https:\/\/aisummit.hu\/\">AI Summit Budapest<\/a> egy olyan rendezv\u00e9nysorozat, mely lehet\u0151s\u00e9get ad az \u00e9rdekl\u0151d\u0151k \u00e9s szak\u00e9rt\u0151k sz\u00e1m\u00e1ra, hogy jobban megismerj\u00e9k a mesters\u00e9ges intelligencia vil\u00e1g\u00e1t. Els\u0151k\u00e9nt 2023-ban ker\u00fclt megrendez\u00e9sre a rendezv\u00e9ny, az Indamedia \u2013 digit\u00e1lis m\u00e9dia c\u00e9g \u2013 \u00e1ltal. A kimagasl\u00f3 siker alapj\u00e1n biztosak lehet\u00fcnk abban, hogy az AI Summit a j\u00f6v\u0151ben az egyik legmeghat\u00e1roz\u00f3bb innov\u00e1ci\u00f3s esem\u00e9ny lesz a kelet-k\u00f6z\u00e9p-eur\u00f3pai r\u00e9gi\u00f3ban. Id\u00e9n c\u00e9g\u00fcnk ki\u00e1ll\u00edt\u00f3k\u00e9nt vehetett r\u00e9szt az esem\u00e9nyen, \u00fcgyvezet\u0151nk pedig az el\u0151ad\u00f3k k\u00f6z\u00f6tt is ott volt. Remek lehet\u0151s\u00e9g volt \u00faj \u00e9s \u00e9rdekes inform\u00e1ci\u00f3k megismer\u00e9s\u00e9re, valamint szolg\u00e1ltat\u00e1sunk, az <a href=\"\/hu\/termekek\/ai-readiness-assessment\/\">AI Readiness Assessment<\/a>, bemutat\u00e1s\u00e1ra.<\/p>\n\n<h2 class=\"wp-block-heading\">Kikacsint\u00e1s AI magyarorsz\u00e1gi helyzet\u00e9r\u0151l<\/h2>\n\n<p>Magyarorsz\u00e1gon b\u00e1r a lakoss\u00e1g nyitott a mesters\u00e9ges intelligencia haszn\u00e1lat\u00e1ra, m\u00e9gis kevesen haszn\u00e1lj\u00e1k. A <a href=\"https:\/\/ado.hu\/cegvilag\/magyarorszagon-a-tobbseg-nyitottan-all-a-mesterseges-intelligenciahoz\/#\">Public Groupe Hungary \u00e9s a GKID Research &amp; Consulting kutat\u00e1sa <\/a> alapj\u00e1n kider\u00fclt, hogy a megk\u00e9rdezettek 79%-a \u00fagy \u00e9rezte, ismeri az AI fogalm\u00e1t, azonban a gyakorlati hasznos\u00edt\u00e1s sor\u00e1n a 10-b\u0151l csak 3,9 pontot \u00e9rtek el. A Z gener\u00e1ci\u00f3 viszont egyre jobban kihaszn\u00e1lja a technol\u00f3gia ny\u00fajtotta lehet\u0151s\u00e9geket, m\u00edg a id\u0151sebb gener\u00e1ci\u00f3 csak \u00e9rdekl\u0151dve figyeli a fejl\u0151d\u00e9s\u00e9t.   <\/p>\n\n<p>A feh\u00e9rgall\u00e9ros munk\u00e1sok egyre ink\u00e1bb k\u00eds\u00e9rleteznek a haszn\u00e1lat\u00e1val, de n\u00e1luk is elmondhat\u00f3, hogy a megb\u00edzhat\u00f3 alkalmaz\u00e1sa m\u00e9g nem v\u00e1lt \u00e1ltal\u00e1noss\u00e1. Az AI Readiness Index eredm\u00e9nye alapj\u00e1n elmondhat\u00f3, hogy a magyar lakoss\u00e1g legink\u00e1bb mag\u00e1n\u00e9leti haszn\u00e1lat sor\u00e1n hasznos\u00edtja az AI-t \u00e9s csak ezt k\u00f6veti a technol\u00f3giai kihaszn\u00e1lts\u00e1g. <\/p>\n\n<h3 class=\"wp-block-heading\">Az AI j\u00f6v\u0151je a v\u00e1llalatokn\u00e1l: C\u00e9lkit\u0171z\u00e9seink az AI Summit-on !<\/h3>\n\n<p>C\u00e9galap\u00edt\u00f3ink J\u00f3f\u00f6ldi Endre \u00e9s K\u00e1sa K\u00e1roly , illetve az \u00e9rt\u00e9kes\u00edt\u00e9si csapatunk r\u00e9szt vettek a rendezv\u00e9ny mindk\u00e9t napj\u00e1n, hogy az \u00e9rdekl\u0151d\u0151knek t\u00e1j\u00e9koztat\u00e1st ny\u00fajtsanak az AI c\u00e9ges k\u00f6rnyezetbe t\u00f6rt\u00e9n\u0151 be\u00e9p\u00edt\u00e9s\u00e9nek lehet\u0151s\u00e9geir\u0151l. Az AI integr\u00e1ci\u00f3ja egyel\u0151re gyerekcip\u0151ben j\u00e1r, sokak szem\u00e9ben t\u00f6bb k\u00e9rd\u00e9st vet fel, mint amennyit megv\u00e1laszol. Ez \u00e9rthet\u0151 m\u00f3don bizonytalans\u00e1got sz\u00fcl a c\u00e9ges vezet\u0151kben, pedig mostanra sz\u00e1mos olyan AI asszisztens k\u00f6nny\u00edtheti \u00e9s egyben gyors\u00edthatja meg a h\u00e9tk\u00f6znapi munkav\u00e9gz\u00e9s bizonyos ter\u00fcleteit, amik eddig jelent\u0151s id\u0151 &#8211; \u00e9s energia befektet\u00e9ssel j\u00e1rtak.  <\/p>\n\n<p><\/p><p style=\"background-color:#546ba6; border-radius:7px; margin: 2rem auto; padding: 2rem; color: white;font-weight:600; font-size: 2em;line-height:1.5;\">Koll\u00e9g\u00e1ink f\u0151 c\u00e9lkit\u0171z\u00e9se az AI Summit idej\u00e9re az volt, hogy eloszlass\u00e1k a szkeptikus hozz\u00e1\u00e1ll\u00e1sokat \u00e9s r\u00e1vil\u00e1g\u00edtsanak arra, hogy <strong style=\"color:#f6a10c; font-weight:bold;\">a mesters\u00e9ges intelligencia nem csup\u00e1n egy ideig-\u00f3r\u00e1ig tart\u00f3 hull\u00e1m, hanem az emberis\u00e9g technol\u00f3giai fejl\u0151d\u00e9s\u00e9nek k\u00f6vetkez\u0151 l\u00e9p\u00e9se<\/strong>, aminek sz\u00e1mos felhaszn\u00e1l\u00e1si lehet\u0151s\u00e9ge van, \u00e9s nem csup\u00e1n a mamut v\u00e1llalatok sz\u00e1m\u00e1ra el\u00e9rhet\u0151.<\/p>\n\n<h2 class=\"wp-block-heading\">AI, mint \u00faj munkat\u00e1rs? Igen! <\/h2>\n\n<p>A kis \u2013 \u00e9s k\u00f6z\u00e9pv\u00e1llalatok egyre nyitottabbak az AI integr\u00e1ci\u00f3ra, de t\u00f6bb c\u00e9gvezet\u0151vel t\u00f6rt\u00e9nt besz\u00e9lget\u00e9s \u00e9s szemin\u00e1rium, meetup vagy \u00e9ppen expo ut\u00e1n levont k\u00f6vetkeztet\u00e9seink, tapasztalataink m\u00e9g azt mutatj\u00e1k, hogy a ter\u00fclet szak\u00e9rt\u0151in t\u00fal, m\u00e9g nem rendelkezik megfelel\u0151 mennyis\u00e9g\u0171 inform\u00e1ci\u00f3val az \u00e1tlagember az AI technol\u00f3gia ny\u00fajtotta lehet\u0151s\u00e9gekr\u0151l. Az olyan alkalmak, mint az AI Summit, pr\u00f3b\u00e1lj\u00e1k meg bet\u00f6lteni azokat a lyukakat, amik a mesters\u00e9ges intelligencia t\u00e1mogat\u00f3i \u00e9s befogad\u00f3i k\u00f6z\u00f6tt t\u00e1tonganak jelenleg.<br\/>Lesz m\u00e9g ezzel munka, ehhez nem f\u00e9r k\u00e9ts\u00e9g. Ahogyan azt Endre is hangoztatta kor\u00e1bbi, az <a href=\"https:\/\/miexpo.hu\/step\/eloadasok-felvetelei-miexpo2024\/\">MI Expon<\/a> el\u0151adott prezent\u00e1l\u00e1sa sor\u00e1n: <q>\u201cA mesters\u00e9ges intelligencia alap\u00fa megold\u00e1sok nem 100%-osak, de azaz igazs\u00e1g, hogy mi emberek sem vagyunk azok.\u201d<\/q> H\u00e9tr\u0151l-h\u00e9tre bukkannak fel olyan v\u00e1llalkoz\u00e1sok vagy \u201cszak\u00e9rt\u0151k\u201d, akik hirtelen felindul\u00e1sb\u00f3l, meglovagolva az AI trendet, k\u00edn\u00e1lnak vill\u00e1m kurzusokat \u00e9s mindent maga m\u00f6g\u00e9 utas\u00edt\u00f3 automatiz\u00e1ci\u00f3t a c\u00e9ges folyamatokba. <a href=\"https:\/\/hellobiznisz.hu\/azt-hitted-a-chatgpt-maga-a-mesterseges-intelligencia-nem-teljesen\/\">16 \u00e9vnyi mesters\u00e9ges intelligencia tapasztalati el\u0151nnyel a h\u00e1tunk m\u00f6g\u00f6tt<\/a> mi az ilyen gyorstalpal\u00f3kat \u00e9s a csillagokat is le\u00edg\u00e9r\u0151 v\u00e1llal\u00e1sokat nem tesz\u00fcnk.<\/p>\n\n<h3 class=\"wp-block-heading\">Az AI be\u00e9p\u00edt\u00e9s\u00e9nek buktat\u00f3i: Felm\u00e9r\u00e9s \u00e9s strat\u00e9gia n\u00e9lk\u00fcl nincs eredm\u00e9ny<\/h3>\n\n<p>Felel\u0151tlen\u00fcl, minden el\u0151zetes, komolyabb felm\u00e9r\u00e9s\u00e9t mell\u0151zve az AI integr\u00e1l\u00e1sa a c\u00e9ges k\u00f6rnyezetbe, <\/p>\n\n<p>nem fogja tudni azt a hat\u00e9konys\u00e1got hozni, amit v\u00e1rn\u00e1nk t\u0151le, s\u0151t.<\/p>\n\n<p>Megfontoland\u00f3, hogy a mesters\u00e9ges intelligenci\u00e1t egy\u00e1ltal\u00e1n \u00e9rdemes-e be\u00e9p\u00edten\u00fcnk munkahelyi folyamataink automatiz\u00e1l\u00e1sa \u00e9rdek\u00e9ben, \u00e9s ha igen, akkor milyen m\u00e9rt\u00e9kben. Ahogy azt Endre a N\u00e9prajzi M\u00fazeumban is hangoztatta az \u201cA m\u00e9zeshetek ut\u00e1n: Mire j\u00f3 az AI a KKV ter\u00fcleten?\u201d c\u00edm\u0171 el\u0151ad\u00e1s\u00e1n: \u201c<em>Ha c\u00e9gekkel m\u0171k\u00f6dsz egy\u00fctt (B2B), az \u00fcgyfeleiddel val\u00f3 besz\u00e9lget\u00e9s a leg\u00e9rt\u00e9kteremt\u0151bb dolog, amit csin\u00e1lhatsz<\/em>\u201d Sz\u00e1mukra az MI-vel t\u00f6rt\u00e9n\u0151 kommunik\u00e1ci\u00f3 vissz\u00e1s \u00e9s el\u00e9gedetlens\u00e9gre okot ad\u00f3 lehet.  <\/p>\n\n<p>Ahogyan azt Gy\u00f6rgyei Szab\u00f3 Magdolna is \u00edrta az <a href=\"https:\/\/kultura.hu\/ai-summit-2024\/\">AI Summitot \u00f6sszefoglal\u00f3 cikk\u00e9ben: <\/a><\/p>\n\n<p><q><strong>,,M\u00e1r az els\u0151, J\u00f3f\u00f6ldi Endre (Precognox) \u00e1ltal tartott el\u0151ad\u00e1son elhangzott az egyik legfrapp\u00e1nsabb AI-defin\u00edci\u00f3. Szerinte a mesters\u00e9ges intelligencia olyan most, mint kor\u00e1bban a drogb\u00e1r\u00f3k tigrisei voltak. Ahogy \u0151k sem tudt\u00e1k, hogy egy tigris val\u00f3j\u00e1ban mire j\u00f3, \u00fagy most a legt\u00f6bbeknek szint\u00e9n nincs fogalma az AI haszn\u00e1r\u00f3l. Csak azt tudj\u00e1k \u00e9s azt hallj\u00e1k, hogy hat\u00e9konys\u00e1got lehet vele n\u00f6velni, ez\u00e9rt l\u00e1zasan keresik, hogy hogyan lehetne implement\u00e1lni a saj\u00e1t \u00e9let\u00fckbe, c\u00e9g\u00fckbe.\u201d<\/strong><\/q><\/p>\n\n<figure class=\"wp-block-image size-full\"><img decoding=\"async\" width=\"2560\" height=\"1920\" src=\"https:\/\/precognox.com\/wp-content\/uploads\/2024\/10\/Jofoldi-Endre-eloadasa-az-AI-Summit-Budapest-2024-rendezvenyen-a-Neprajzi-Muzeumban-scaled.jpg\" alt=\"Egy f&#xE9;rfi &#xE1;ll a p&#xF3;diumon &#xE9;s besz&#xE9;l egy 50 f&#x151;s konferenciateremben.\" class=\"wp-image-5764\" srcset=\"https:\/\/precognox.com\/wp-content\/uploads\/2024\/10\/Jofoldi-Endre-eloadasa-az-AI-Summit-Budapest-2024-rendezvenyen-a-Neprajzi-Muzeumban-scaled.jpg 2560w, https:\/\/precognox.com\/wp-content\/uploads\/2024\/10\/Jofoldi-Endre-eloadasa-az-AI-Summit-Budapest-2024-rendezvenyen-a-Neprajzi-Muzeumban-768x576.jpg 768w, https:\/\/precognox.com\/wp-content\/uploads\/2024\/10\/Jofoldi-Endre-eloadasa-az-AI-Summit-Budapest-2024-rendezvenyen-a-Neprajzi-Muzeumban-1536x1152.jpg 1536w, https:\/\/precognox.com\/wp-content\/uploads\/2024\/10\/Jofoldi-Endre-eloadasa-az-AI-Summit-Budapest-2024-rendezvenyen-a-Neprajzi-Muzeumban-2048x1536.jpg 2048w, https:\/\/precognox.com\/wp-content\/uploads\/2024\/10\/Jofoldi-Endre-eloadasa-az-AI-Summit-Budapest-2024-rendezvenyen-a-Neprajzi-Muzeumban-1200x900.jpg 1200w, https:\/\/precognox.com\/wp-content\/uploads\/2024\/10\/Jofoldi-Endre-eloadasa-az-AI-Summit-Budapest-2024-rendezvenyen-a-Neprajzi-Muzeumban-600x450.jpg 600w\" sizes=\"(max-width: 2560px) 100vw, 2560px\" \/><figcaption class=\"wp-element-caption\">J\u00f3f\u00f6ldi Endre el\u0151ad\u00e1sa az AI Summit Budapest 2024 rendezv\u00e9ny\u00e9n a N\u00e9prajzi M\u00fazeumban<\/figcaption><\/figure>\n<h2 class=\"wp-block-heading\" style=\"font-size: 2.5rem;\">Rendben, \u00e9rtem: Az AI hasznos nekem, de nem lehet a k\u00f6zep\u00e9be csapni.<br \/>Merre induljak? <\/h2>\n\n<p>Kezd\u0151 l\u00e9p\u00e9snek k\u00e9t utat v\u00e1zoln\u00e1nk fel azok sz\u00e1m\u00e1ra, akik megtenn\u00e9k az els\u0151 l\u00e9p\u00e9st a mesters\u00e9ges intelligencia eddig kitaposott \u00f6sv\u00e9ny\u00e9n: El\u0151sz\u00f6r is t\u00e1j\u00e9koz\u00f3djanak! <a href=\"https:\/\/www.facebook.com\/Precognox\/videos\">L\u00e1togassanak meg vagy ut\u00f3lagosan hallgass\u00e1k meg <\/a> azokat az el\u0151ad\u00f3kat, akik sz\u00e9les spektrumon, t\u00e1g perspekt\u00edv\u00e1t ny\u00fajtva pr\u00f3b\u00e1lj\u00e1k eduk\u00e1lni az arra fog\u00e9kony nagy\u00e9rdem\u0171t az AI ny\u00fajtotta lehet\u0151s\u00e9gekr\u0151l \u00e9s esetleges vesz\u00e9lyeir\u0151l.<br\/><\/p>\n\n<p>A m\u00e1sik \u00fat m\u00e1r el\u0151rehaladottabbnak mondhat\u00f3: K\u00e9rj szak\u00e9rt\u0151i tan\u00e1csad\u00e1st, amennyiben \u00fagy \u00e9rzed v\u00e1llalkoz\u00e1sod optimaliz\u00e1lhat\u00f3! Ma m\u00e1r az AI integr\u00e1l\u00e1sa \u00fczleti tev\u00e9kenys\u00e9gbe nem luxusnak sz\u00e1m\u00edt, hanem egy k\u00f6vetkez\u0151 l\u00e9p\u00e9snek. Szak\u00e9rt\u0151ink \u00e1tfog\u00f3 \u00e9rt\u00e9kel\u00e9st ny\u00fajtanak c\u00e9ged jelenlegi rendszereir\u0151l, legkritikusabb munkafolyamatair\u00f3l \u00e9s adat infrastrukt\u00far\u00e1j\u00e1r\u00f3l. Ennek c\u00e9lja az, hogy felm\u00e9rj\u00fck a szervezeted AI integr\u00e1ci\u00f3ra val\u00f3 felk\u00e9sz\u00fclts\u00e9g\u00e9t. Vez\u00e9rigazgat\u00f3knak \u00e9s \u00fczleti vezet\u0151k sz\u00e1m\u00e1ra ny\u00fajtunk t\u00e1j\u00e9koztat\u00e1st, akik a m\u0171k\u00f6d\u00e9si hat\u00e9konys\u00e1gukat \u00e9s a d\u00f6nt\u00e9shozatalt AI seg\u00edts\u00e9g\u00e9vel k\u00edv\u00e1nj\u00e1k jav\u00edtani. Olyan IT-menedzser, szak\u00e9rt\u0151k tudnak minket megkeresni, akiknek tapasztalati tan\u00e1csra van sz\u00fcks\u00e9g\u00fck bels\u0151 mesters\u00e9ges intelligencia kezdem\u00e9nyez\u00e9seikhez. Ezen fel\u00fcl szervezetek r\u00e9sz\u00e9re tudunk seg\u00edts\u00e9get ny\u00fajtani, akik a digit\u00e1lis \u00e1talakul\u00e1s k\u00fcl\u00f6nb\u00f6z\u0151 szakaszaiban j\u00e1rnak, kezd\u0151kt\u0151l eg\u00e9szen azokig, akik m\u00e1r csak pontos\u00edtani szeretn\u00e9k mesters\u00e9ges intelligencia strat\u00e9gi\u00e1jukat.      <br\/><\/p>\n\n<p>Oszlassuk el egy\u00fctt a f\u00e9lelmeket, n\u00f6velj\u00fck a hat\u00e9konys\u00e1got! A te v\u00e1llalkoz\u00e1sod m\u00e1r k\u00e9szen \u00e1ll? <\/p>\n","protected":false},"excerpt":{"rendered":"<p>AI Summit Budapest egy olyan rendezv\u00e9nysorozat, mely lehet\u0151s\u00e9get ad az \u00e9rdekl\u0151d\u0151k \u00e9s szak\u00e9rt\u0151k sz\u00e1m\u00e1ra, hogy jobban megismerj\u00e9k a mesters\u00e9ges intelligencia vil\u00e1g\u00e1t. Els\u0151k\u00e9nt 2023-ban ker\u00fclt megrendez\u00e9sre a rendezv\u00e9ny, az Indamedia \u2013 digit\u00e1lis m\u00e9dia c\u00e9g \u2013 \u00e1ltal. A kimagasl\u00f3 siker alapj\u00e1n biztosak lehet\u00fcnk abban, hogy az AI Summit a j\u00f6v\u0151ben az egyik legmeghat\u00e1roz\u00f3bb innov\u00e1ci\u00f3s esem\u00e9ny lesz a [&hellip;]<\/p>\n","protected":false},"author":4,"featured_media":5767,"comment_status":"closed","ping_status":"closed","sticky":false,"template":"","format":"standard","meta":{"_acf_changed":false,"footnotes":""},"categories":[4],"tags":[15,16],"class_list":["post-5777","post","type-post","status-publish","format-standard","has-post-thumbnail","hentry","category-mesterseges-intelligencia","tag-ai-hu","tag-ai-summit-hu"],"acf":[],"_links":{"self":[{"href":"https:\/\/precognox.com\/hu\/wp-json\/wp\/v2\/posts\/5777","targetHints":{"allow":["GET"]}}],"collection":[{"href":"https:\/\/precognox.com\/hu\/wp-json\/wp\/v2\/posts"}],"about":[{"href":"https:\/\/precognox.com\/hu\/wp-json\/wp\/v2\/types\/post"}],"author":[{"embeddable":true,"href":"https:\/\/precognox.com\/hu\/wp-json\/wp\/v2\/users\/4"}],"replies":[{"embeddable":true,"href":"https:\/\/precognox.com\/hu\/wp-json\/wp\/v2\/comments?post=5777"}],"version-history":[{"count":11,"href":"https:\/\/precognox.com\/hu\/wp-json\/wp\/v2\/posts\/5777\/revisions"}],"predecessor-version":[{"id":8625,"href":"https:\/\/precognox.com\/hu\/wp-json\/wp\/v2\/posts\/5777\/revisions\/8625"}],"wp:featuredmedia":[{"embeddable":true,"href":"https:\/\/precognox.com\/hu\/wp-json\/wp\/v2\/media\/5767"}],"wp:attachment":[{"href":"https:\/\/precognox.com\/hu\/wp-json\/wp\/v2\/media?parent=5777"}],"wp:term":[{"taxonomy":"category","embeddable":true,"href":"https:\/\/precognox.com\/hu\/wp-json\/wp\/v2\/categories?post=5777"},{"taxonomy":"post_tag","embeddable":true,"href":"https:\/\/precognox.com\/hu\/wp-json\/wp\/v2\/tags?post=5777"}],"curies":[{"name":"wp","href":"https:\/\/api.w.org\/{rel}","templated":true}]}}