{"id":5269,"date":"2024-07-23T14:58:54","date_gmt":"2024-07-23T12:58:54","guid":{"rendered":"https:\/\/precognox.com\/?p=5269"},"modified":"2025-01-02T16:04:07","modified_gmt":"2025-01-02T14:04:07","slug":"precognox-egy-vallalkozas-tortenete","status":"publish","type":"post","link":"https:\/\/precognox.com\/hu\/blog\/precognox-egy-vallalkozas-tortenete\/","title":{"rendered":"Precognox: egy v\u00e1llalkoz\u00e1s t\u00f6rt\u00e9nete"},"content":{"rendered":"\n<style>h2 {line-height:1.3;}<\/style>\n\n<p><strong>Forr\u00e1s: <\/strong><a href=\"https:\/\/www.magyarbusiness.org\/magyar-business-podcast\/ep-122-precognox-jofoldi-endre-kasa-karoly\">Magyar Business Podcast<\/a><\/p>\n\n<p><strong>Bevezet\u0151 sz\u00f6veg: <\/strong><a href=\"https:\/\/www.linkedin.com\/in\/endrejofoldi\/\">J\u00f3f\u00f6ldi Endre<\/a> \u00e9s <a href=\"https:\/\/www.linkedin.com\/in\/karolykasa\/\">K\u00e1sa K\u00e1roly<\/a> a Magyar Business Podcast vend\u00e9gei voltak, ahol egy k\u00f6tetlen besz\u00e9lget\u00e9s keretei k\u00f6z\u00f6tt osztott\u00e1k meg tapasztalataikat az indul\u00e1sr\u00f3l, kezdeti neh\u00e9zs\u00e9gekr\u0151l, majd a folyamatos, dinamikus fejl\u0151d\u00e9sr\u0151l, aminek k\u00f6sz\u00f6nhet\u0151en mostanra a Precognox az AI \u00e9s a digit\u00e1lis akad\u00e1lymentes\u00edt\u00e9s ter\u00fcletein is bizony\u00edtani tudja szak\u00e9rtelm\u00e9t.<\/p>\n\n<h2 class=\"wp-block-heading has-text-color has-link-color wp-elements-a246344ce08371d706d67074a3ae82a6\" style=\"color:#117cb8;font-size:24px\"><strong>Kik vagytok, honnan j\u00f6ttetek? <\/strong><\/h2>\n\n<p><em><strong>Endre:<\/strong><\/em> 2016-ban Bostonban voltunk egy esem\u00e9nyen, ott a <a href=\"https:\/\/cic.com\/\">Cambridge Innovation Centerben<\/a> egy kis k\u00e9pz\u00e9sen vett\u00fcnk r\u00e9szt, ami nagyon izgalmas volt. Az <a href=\"https:\/\/www.mit100k.org\/\">MIT 100K verseny<\/a> d\u00f6nt\u0151j\u00e9nek is szemtan\u00fai voltunk, amit nagyon \u00e9lvezt\u00fcnk. B\u00e1r nem vett\u00fcnk r\u00e9szt a d\u00f6nt\u0151ben, de l\u00e1ttuk, \u00e9s nagyon leny\u0171g\u00f6z\u0151 volt. Ez volt az a pont, amikor elkezdt\u00fcnk foglalkozni a tud\u00e1salap\u00fa munk\u00e1k automatiz\u00e1l\u00e1s\u00e1val.   <\/p>\n\n<p><strong>Mint szoftverc\u00e9g, ezt a c\u00e9lt t\u0171zt\u00fck ki magunk el\u00e9: min\u00e9l t\u00f6bb \u201cfeh\u00e9rgall\u00e9ros\u201d munk\u00e1t automatiz\u00e1lni.<\/strong><\/p>\n\n<figure class=\"wp-block-image size-full\"><img decoding=\"async\" width=\"1980\" height=\"1485\" src=\"https:\/\/precognox.com\/wp-content\/uploads\/2024\/07\/Precognox-Boston-optimized.jpg\" alt=\"Boston: egy nagy t&#xF3;, a parjtj&#xE1;n felh&#x151;karcol&#xF3;kkal. \" class=\"wp-image-5277\" srcset=\"https:\/\/precognox.com\/wp-content\/uploads\/2024\/07\/Precognox-Boston-optimized.jpg 1980w, https:\/\/precognox.com\/wp-content\/uploads\/2024\/07\/Precognox-Boston-optimized-768x576.jpg 768w, https:\/\/precognox.com\/wp-content\/uploads\/2024\/07\/Precognox-Boston-optimized-1536x1152.jpg 1536w, https:\/\/precognox.com\/wp-content\/uploads\/2024\/07\/Precognox-Boston-optimized-1200x900.jpg 1200w, https:\/\/precognox.com\/wp-content\/uploads\/2024\/07\/Precognox-Boston-optimized-600x450.jpg 600w\" sizes=\"(max-width: 1980px) 100vw, 1980px\" \/><figcaption class=\"wp-element-caption\">2024-ben ism\u00e9t visszat\u00e9rt Bostonba Endre \u00e9s Karesz is,<br\/>s\u0151t Szab\u00f3 Kriszti\u00e1nnak (QA) is lehet\u0151s\u00e9ge ad\u00f3dott 3 hetet kint tart\u00f3zkodnia, hogy er\u0151s\u00edtse az \u00fczleti kapcsolatokat.<\/figcaption><\/figure>\n\n<h2 class=\"wp-block-heading has-text-color has-link-color wp-elements-9371ad5e47938987510d87bee1b0837e\" style=\"color:#117cb8;font-size:24px\"><strong>Hogyan ker\u00fcltetek a szoftverfejleszt\u00e9s vil\u00e1g\u00e1ba?<\/strong><\/h2>\n\n<p><em><strong>Endre: <\/strong><\/em>Mindketten vid\u00e9ki gyerekek vagyunk, mindketten a Kand\u00f3r\u00f3l sz\u00e1rmazunk, \u00e9s ott tal\u00e1lkoztunk a koll\u00e9giumban. K\u00e9s\u0151bb saj\u00e1t karrier utat v\u00e1lasztottunk. Kezdetben nem v\u00e1llalkoz\u00f3k\u00e9nt, hanem szoftverfejleszt\u0151k\u00e9nt vagy informatikusk\u00e9nt tev\u00e9kenykedt\u00fcnk, programoztunk \u00e9s webes szoftvereket fejlesztett\u00fcnk. A COVID idej\u00e9n sokan megismert\u00e9k a t\u00e1vmunk\u00e1t \u00e9s kezdetben mi is t\u00f6bb helyr\u0151l dolgoztunk: Szeged, P\u00e9cs, Budapest. Ahogy a csapat n\u0151tt, sz\u00fcks\u00e9g\u00fcnk volt a szervezettebb munkav\u00e9gz\u00e9sre, \u00edgy v\u00e1ltunk c\u00e9gg\u00e9 \u00e9s v\u00e1llalkoz\u00f3kk\u00e1.   <\/p>\n\n<h2 class=\"wp-block-heading has-text-color has-link-color wp-elements-8140ce3fc208b215d35c7b5a66f2a064\" style=\"color:#117cb8;font-size:24px\"><strong>Hogyan lehet becsatlakozni ebbe a szektorba?<\/strong><\/h2>\n\n<p><em><strong>Endre: <\/strong><\/em>A versenyk\u00e9pess\u00e9ghez szakmai tud\u00e1sra \u00e9s kapcsolat\u00e9p\u00edt\u00e9sre van sz\u00fcks\u00e9g. Sokat tanulhatunk az amerikaiakt\u00f3l ezen a t\u00e9ren. Az elej\u00e9n nem, de \u00e9vekkel k\u00e9s\u0151bb felismert\u00fck ennek fontoss\u00e1g\u00e1t. Az\u00f3ta is t\u00f6reksz\u00fcnk fejl\u0151dni ezen a ter\u00fcleten.   <\/p>\n\n<p>2009-ben r\u00e9szt vett\u00fcnk egy olyan esem\u00e9nyen, mint a <a href=\"https:\/\/www.mlanet.org\/\">Medical Library Association<\/a> konferenci\u00e1ja Hawaiin. Az USA-ban 2000 eg\u00e9szs\u00e9g\u00fcgyi k\u00f6nyvt\u00e1r m\u0171k\u00f6dik, m\u00edg Magyarorsz\u00e1gon csak kett\u0151. Ez nagyon szembet\u0171n\u0151 volt akkor. A piac m\u00e9ret\u00e9nek \u00e9s a potenci\u00e1lis \u00fczleti lehet\u0151s\u00e9geknek az ismerete sokat seg\u00edtett sz\u00e1munkra.   <\/p>\n\n<p>B\u00e1r ma m\u00e1r k\u00f6nnyebb hozz\u00e1jutni az oktat\u00e1shoz \u00e9s a szakmai tud\u00e1shoz, m\u00e9g mindig vannak k\u00fcl\u00f6nbs\u00e9gek, p\u00e9ld\u00e1ul a t\u0151kebefektet\u00e9sek m\u00e9reteiben. Nem k\u00f6nny\u0171 egy nemzetk\u00f6zi versenyben helyt\u00e1llni, de folyamatosan tanulunk \u00e9s fejl\u0151d\u00fcnk. <\/p>\n\n<h2 class=\"wp-block-heading has-text-color has-link-color wp-elements-c100f3b20b71dbeec2d276111b78218e\" style=\"color:#117cb8;font-size:24px\"><strong>Honnan j\u00f6tt az \u00f6tlet, hogy elinduljatok az Egyes\u00fclt \u00c1llamokba \u00e9s felfedezz\u00e9tek a lehet\u0151s\u00e9geket? Mi volt a motiv\u00e1ci\u00f3tok? <\/strong><\/h2>\n\n<p><em><strong>Endre:<\/strong> <\/em>Indulva K\u00f6z\u00e9p-Eur\u00f3p\u00e1b\u00f3l, az els\u0151 gondolat nem felt\u00e9tlen\u00fcl az, hogy az Egyes\u00fclt \u00c1llamok legyen a c\u00e9lpiac. A verseny ezen a ter\u00fcleten igen nagy. Ennek ellen\u00e9re m\u00e1r kor\u00e1bban is voltak kapcsolataink. Fontos volt az angol tud\u00e1sunk, mivel b\u00e1r Nyugat-Eur\u00f3p\u00e1ban is haszn\u00e1lhat\u00f3 az angol, mindenki ink\u00e1bb az anyanyelv\u00e9n kommunik\u00e1l. Emellett, azt is \u00e9szrevett\u00fck, hogy a &#8222;NIH&#8221; (<a href=\"\">National Institutes of Health<\/a>) munk\u00e1k fokozatosan cs\u00f6kkenni kezdtek \u00e9s 2011-re m\u00e1r teljesen megsz\u0171ntek.    <\/p>\n\n<p>El\u0151sz\u00f6r sz\u00fcletett egy d\u00f6nt\u00e9s, ami k\u00e9s\u0151bb meglep\u0151 fordulathoz vezetett. Londonban egy nemzetk\u00f6zi projekt r\u00e9szek\u00e9nt, amelyet a B\u00e9csi M\u0171szaki Egyetemmel v\u00e9gezt\u00fcnk egy orvosi keres\u00e9si projekt keret\u00e9ben. Olyan neves int\u00e9zm\u00e9nyekkel k\u00f6z\u00f6sen vett\u00fcnk r\u00e9szt, mint a <a href=\"\">University of Sheffield<\/a> \u00e9s a <a href=\"\">King&#8217;s College.<\/a> <\/p>\n\n<p>Nagyj\u00e1b\u00f3l ezzel egy id\u0151ben h\u00edv\u00e1st kaptunk Magyarorsz\u00e1gr\u00f3l, hogy sz\u00fcks\u00e9g van a r\u00e9szv\u00e9tel\u00fcnkre egy k\u00e9pz\u00e9si programban Bostonban. B\u00e1r eredetileg nem startupk\u00e9nt, hanem KKV-k\u00e9nt hat\u00e1roztuk meg magunkat, elfogadtuk a lehet\u0151s\u00e9get. Gyorsan kellett d\u00f6nteni, \u00edgy k\u00e9t h\u00e9ten bel\u00fcl Bostonban tal\u00e1ltuk magunkat egy kurzuson. Ez egy olyan eset, ahol a felk\u00e9sz\u00fclts\u00e9g \u00e9s a lehet\u0151s\u00e9g tal\u00e1lkozott, m\u00e9g akkor is, ha nem voltunk teljesen felk\u00e9sz\u00fclve. Ez az \u00e9lm\u00e9ny m\u00e1ig hat r\u00e1nk.    <\/p>\n\n<p>Egy m\u00e1sik p\u00e9lda az egy\u00fcttm\u0171k\u00f6d\u00e9s\u00fcnk a <a href=\"https:\/\/www.babelstreet.com\/\">Babel Street<\/a>-el, amellyel m\u00e1r r\u00e9gen kerest\u00fck a kapcsolatot, de csak mostanra alakult ki egy er\u0151s partneri viszony. \u0150k a vil\u00e1g egyik vezet\u0151 taxalgoritmus\u00e1nak, a <a href=\"https:\/\/www.babelstreet.com\/rosette\">Rosett\u00e1nak<\/a> a fejleszt\u0151i, amelyet sz\u00e9les k\u00f6rben alkalmaznak a n\u00e9vkeres\u00e9sben, p\u00e9ld\u00e1ul az amerikai hat\u00e1rellen\u0151rz\u00e9sn\u00e9l.  <\/p>\n\n<h2 class=\"wp-block-heading has-text-color has-link-color wp-elements-98eb7f12888fea11bfe7ccebe24e4228\" style=\"color:#117cb8;font-size:24px\"><strong>Az USA-ban tapasztalt teljes\u00edtm\u00e9nyorient\u00e1lt kult\u00fara \u00e9s az \u00fczleti vil\u00e1g gyorsas\u00e1ga leny\u0171g\u00f6z\u0151. Itthon sokkal ink\u00e1bb politikai \u00e9s kultur\u00e1lis szempontok befoly\u00e1solj\u00e1k a dolgokat. Ugyanezt l\u00e1tom az angolsz\u00e1sz orsz\u00e1gokban is.  <\/strong><\/h2>\n\n<p><em><strong>Endre: <\/strong><\/em>Az \u00fczleti \u00e9letben, illetve a vezet\u0151i ismeretek \u00e9s a marketing ter\u00e9n a vezet\u0151 tud\u00e1st legink\u00e1bb Amerik\u00e1ban lehet tal\u00e1lni. Az angolsz\u00e1sz orsz\u00e1gokban van a legt\u00f6bb fejlett tud\u00e1s \u00e9s gyakorlat ezen a ter\u00fcleten. Innen \u00e9rdemes tanulni, mert ezek az orsz\u00e1gok vezetik a vil\u00e1got ebben a szektorban. Gyakorlatilag b\u00e1rki hajland\u00f3 egyszer tal\u00e1lkozni veled. Egy norv\u00e9g keres\u0151 startupnak a vezet\u0151je, akinek a Microsoft egymilli\u00e1rd doll\u00e1r\u00e9rt v\u00e1s\u00e1rolta fel a c\u00e9g\u00e9t, le\u00fclt velem besz\u00e9lgetni legal\u00e1bb h\u00fasz percre. Persze, amikor l\u00e1tta, hogy nincs benn\u00fcnk \u00fczleti potenci\u00e1l vagy, hogy ez nem fog egy\u00fcttm\u0171k\u00f6d\u00e9sbe torkollni, akkor gyorsan elk\u00f6sz\u00f6nt. \u00c9rezte, hogy nem lesz bel\u0151le semmi, ennek ellen\u00e9re nem azt mondta, hogy ki ez a magyar sr\u00e1c, hagyjuk m\u00e1r, hanem azt, hogy ok\u00e9, b\u00e1rki meg\u00e9rdemel egy es\u00e9lyt, h\u00e1tha ez a kapcsolat valami \u00e9rt\u00e9keset hozhat. Ez az \u00fczleti szeml\u00e9letm\u00f3d azt tan\u00edtja, hogy mindig nyitott szemmel j\u00e1rj, mert soha nem lehet tudni, hogy mib\u0151l lehet valami nagy lehet\u0151s\u00e9g: egy tal\u00e1lkoz\u00e1s vagy egy \u00fczleti kapcsolat, ami v\u00e1ratlanul j\u00f6het l\u00e9tre.        <\/p>\n\n<p>\u00dagy \u00e9rzem, hogy lehetett volna gyorsabban haladni, mint ahogy tett\u00fck. B\u00e1r foglalkoztunk vezet\u0151k\u00e9pz\u00e9ssel \u00e9s m\u00e1s ter\u00fcletekkel is, sok mindent lassabban ismert\u00fcnk fel vagy l\u00e9pt\u00fcnk meg. K\u00e9t \u00e9vvel ezel\u0151tt csatlakozott hozz\u00e1nk <a href=\"\">G\u00e1ll Anik\u00f3,<\/a> mint wellbeing manager. Az emberi er\u0151forr\u00e1sok toborz\u00e1sa sokkal hat\u00e9konyabb\u00e1 v\u00e1lt, a n\u00f6veked\u00e9s\u00fcnk is jelent\u0151sebb lett az elm\u00falt k\u00e9t \u00e9vben.   <\/p>\n\n<p><br\/><strong>Kaposv\u00e1ron nagyszer\u0171 embereket siker\u00fclt felvenn\u00fcnk a csapatba. Ez mutatja, hogy m\u00e9g egy ilyen kis m\u00e9ret\u0171 v\u00e1rosban is k\u00e9pesek vagyunk kit\u0171n\u0151 embereket tal\u00e1lni \u00e9s b\u00fcszke vagyok r\u00e1, hogy j\u00f3 csapat alakult ki.  <\/strong><\/p>\n\n<p>Fontos, hogy ne csak akkor keress\u00fcnk \u00faj lehet\u0151s\u00e9geket \u00e9s kapcsolatokat, amikor \u00e9pp sz\u00fcks\u00e9g\u00fcnk van r\u00e1juk. A \u201cnetworking\u201d-nek folyamatosnak kell lennie, mert soha nem tudhatjuk, hogy milyen lehet\u0151s\u00e9gek ad\u00f3dnak. Az egyik kulcsfontoss\u00e1g\u00fa tan\u00e1cs a networkinggel kapcsolatban az, hogy folyamatosan keress\u00fcnk kapcsolatokat \u00e9s tal\u00e1lkozzunk emberekkel. Az emberek hajlamosak elfelejteni, hogy mindig fejl\u0151dni kell, \u00e9s hogy az eddigi eredm\u00e9nyeik nem garancia a j\u00f6v\u0151beni sikerre. Fontos, hogy az ego ne zavarjon bele a probl\u00e9mamegold\u00e1sba \u00e9s a fejl\u0151d\u00e9sbe.    <\/p>\n\n<figure class=\"wp-block-image size-full\"><img decoding=\"async\" width=\"1980\" height=\"1042\" src=\"https:\/\/precognox.com\/wp-content\/uploads\/2024\/07\/Precognox-gall-aniko-present.jpg\" alt=\"Egy fiatal n&#x151; &#xE1;ll a k&#xF6;z&#xF6;ns&#xE9;g el&#x151;tt egy kis konferenciateremben. A falat integr&#xE1;lt technol&#xF3;gia &#xE9;s Precognox log&#xF3; d&#xED;sz&#xED;ti. \" class=\"wp-image-5284\" srcset=\"https:\/\/precognox.com\/wp-content\/uploads\/2024\/07\/Precognox-gall-aniko-present.jpg 1980w, https:\/\/precognox.com\/wp-content\/uploads\/2024\/07\/Precognox-gall-aniko-present-768x404.jpg 768w, https:\/\/precognox.com\/wp-content\/uploads\/2024\/07\/Precognox-gall-aniko-present-1536x808.jpg 1536w, https:\/\/precognox.com\/wp-content\/uploads\/2024\/07\/Precognox-gall-aniko-present-1200x632.jpg 1200w, https:\/\/precognox.com\/wp-content\/uploads\/2024\/07\/Precognox-gall-aniko-present-600x316.jpg 600w\" sizes=\"(max-width: 1980px) 100vw, 1980px\" \/><figcaption class=\"wp-element-caption\">G\u00e1ll Anik\u00f3 wellbeing manager el\u0151ad\u00e1sa a Csillag teremben<\/figcaption><\/figure>\n\n<p>Akik az\u00e9rt dolgoznak, hogy fejl\u0151djenek \u00e9s el\u0151rehaladjanak, azokra mindig sz\u00e1m\u00edthatunk. Ilyen emberekkel k\u00f6r\u00fclv\u00e9ve k\u00f6nnyebb \u00e9s gyorsabb fejl\u0151dni, mint egyed\u00fcl.  <\/p>\n\n<p>Egy\u00e9bk\u00e9nt a v\u00e1llalkoz\u00f3i szeml\u00e9let kicsit apuk\u00e1m r\u00e9v\u00e9n mindig is megvolt. Dinny\u00e9t \u00e1rultunk, feny\u0151t termesztett\u00fcnk kar\u00e1csonyf\u00e1nak \u00e9s a t\u00f6bbi. <\/p>\n\n<h2 class=\"wp-block-heading has-text-color has-link-color wp-elements-7a455f93f1e49578b239daa336dbf78d\" style=\"color:#117cb8;font-size:24px\"><strong>K\u00e1roly, n\u00e1lad is voltak olyan csal\u00e1dtagok, akik v\u00e1llalkoz\u00f3k voltak, vagy v\u00e1llalkoz\u00f3i h\u00e1tter\u00fck volt?<\/strong><\/h2>\n\n<p><em><strong>Karesz<\/strong>:<\/em> Nem, egy\u00e1ltal\u00e1n nem. A v\u00e1llalkoz\u00f3i szellem a mi csal\u00e1dunkban nem volt t\u00fal gyakori. \u00c9n arra vagyok b\u00fcszke, hogy el\u00e9rt\u00fck azt, amit el\u00e9rt\u00fcnk. Mikor alkalmazotti l\u00e9tb\u0151l Endr\u00e9vel elkezdt\u00fcnk saj\u00e1t v\u00e1llalkoz\u00e1sba v\u00e1gni, az olyan id\u0151szak volt, amikor a v\u00e1llalkoz\u00e1s sz\u00f3 ink\u00e1bb a kor\u00e1bbi gener\u00e1ci\u00f3ban valami negat\u00edvumot jelentett, valamif\u00e9le \u00fcgyesked\u00e9ssel \u00e9s m\u00e1sok kihaszn\u00e1l\u00e1s\u00e1val \u00f6sszef\u00fcgg\u0151 fogalomk\u00e9nt volt jelen. \u00c9n csak mes\u00e9ltem r\u00f3la, hogy mi t\u00f6rt\u00e9nik n\u00e1lunk, nem pr\u00f3b\u00e1ltam semmit bebizony\u00edtani. Ha most megk\u00e9rdezn\u00e9m anyuk\u00e1mat, hogy mit gondol err\u0151l, azt mondan\u00e1, hogy igen, \u0151 is l\u00e1tja, hogy k\u00fczd\u00fcnk \u00e9s tanulunk, \u00e9s hogy az eg\u00e9sz egy folyamatos fejl\u0151d\u00e9si &#8211; \u00e9s tanul\u00e1si folyamat. Rem\u00e9lem, hogy m\u00e1r elfogadta \u00e9s meg\u00e9rti, hogy \u00e9n v\u00e1llalkoz\u00f3 vagyok \u00e9s, hogy ez sz\u00e1momra egy term\u00e9szetes fejl\u0151d\u00e9s.      <\/p>\n\n<p><em><strong>Endre: <\/strong><\/em>Valahol azt gondolom, hogy az eg\u00e9sz K\u00f6z\u00e9p-Eur\u00f3p\u00e1nak a k\u00f6z\u00f6s tanul\u00e1si g\u00f6rb\u00e9je ez a v\u00e1llalkoz\u00f3i kult\u00fara. Bostonban is helyt\u00e1llna az, amit mi csin\u00e1lunk. Az irod\u00e1nk \u00e9s a munkam\u00f3dszer\u00fcnk olyan, ami itt tal\u00e1n kicsit kil\u00f3g a sorb\u00f3l, \u00e9s valamilyen plusz \u00e9rt\u00e9ket k\u00e9pvisel. P\u00e9ld\u00e1ul tan\u00e1roknak szervezt\u00fcnk \u00c9v Informatika Tan\u00e1ra d\u00edjat Somogyban, hogy motiv\u00e1ljuk az embereket. L\u00e1tom, hogy van valami, ami itt is fontos lehet, \u00e9s ez a szem\u00e9lyes hozz\u00e1adott \u00e9rt\u00e9k sz\u00e1momra is sokat jelent.    <\/p>\n\n<h2 class=\"wp-block-heading has-text-color has-link-color wp-elements-4a7894aeb2eb2b98e1e1ba774d720c4d\" style=\"color:#117cb8;font-size:24px\"><strong>Rendben, milyen tan\u00e1csokat adn\u00e1l \u00e1ltal\u00e1noss\u00e1gban a v\u00e1llalkoz\u00f3knak? Mire kellene figyelni\u00fck, hogy jobbak legyenek? Tudn\u00e1tok j\u00f3solni, milyen probl\u00e9m\u00e1kkal szembes\u00fclhetnek, \u00e9s hogyan k\u00e9sz\u00fclhetnek fel ezekre a j\u00f6v\u0151ben?  <\/strong><\/h2>\n\n<p><em><strong>Karesz: <\/strong><\/em>Neh\u00e9z k\u00e9rd\u00e9s, mert \u00e1t kell \u00e9lned, hogy igaz\u00e1n meg\u00e9rtsd. Mi p\u00e9ld\u00e1ul nem adtuk fel az els\u0151 kudarcok ut\u00e1n. Ink\u00e1bb arra koncentr\u00e1ltunk, hogy hogyan reag\u00e1ljunk tudatosan a bek\u00f6vetkez\u0151 esem\u00e9nyekre. Fontos, hogy az ember a gyakorlatban tanuljon, \u00e9s a hib\u00e1ib\u00f3l mer\u00edtsen tapasztalatot. A legrosszabb, amit tehetsz, az az, ha elfelejted, hogy minden eset m\u00e1s \u00e9s m\u00e1s. Minden egyes esetet \u00e9rdemes \u00e1tgondolni \u00e9s elemz\u0151i szemmel megvizsg\u00e1lni. Nem mindig kell m\u00e9lyen belemenni, de ha l\u00e1tunk egy alapvet\u0151 probl\u00e9m\u00e1t, akkor rendelkez\u00e9sre \u00e1llnak eszk\u00f6z\u00f6k annak objekt\u00edv elemz\u00e9s\u00e9re. Nem az\u00e9rt, hogy hib\u00e1ztassunk valakit, hanem az\u00e9rt, hogy tanuljunk bel\u0151le \u00e9s a j\u00f6v\u0151ben jobban reag\u00e1lhassunk hasonl\u00f3 helyzetekben. Ez a fajta tanul\u00e1s \u00e9s fejl\u0151d\u00e9s seg\u00edthet abban, hogy jav\u00edtsunk a reakci\u00f3k\u00e9pess\u00e9g\u00fcnk\u00f6n a j\u00f6v\u0151ben. Mi ezt &#8222;learning review&#8221;-nak h\u00edvjuk, mert az a c\u00e9lja, hogy tanuljunk az esetekb\u0151l, \u00e9s ne k\u00f6vess\u00fck el \u00fajra ugyanazokat a hib\u00e1kat. Fontos, hogy ne tekints\u00fcnk egy kudarcot v\u00e9gzetesnek vagy \u00e9rtelmetlennek, hanem pr\u00f3b\u00e1ljunk tanulni bel\u0151le \u00e9s fejl\u0151dni.          <\/p>\n\n<p><em><strong>Endre: <\/strong><\/em>Ha valami nem \u00fagy siker\u00fcl, ahogy tervezt\u00fck, \u00e9rdemes megn\u00e9zni, hogy mi t\u00f6rt\u00e9nt, \u00e9s hogyan lehetne jav\u00edtani. Nem azt kell mondani, hogy &#8222;ez \u00edgy siker\u00fclt, pech\u00fcnk volt&#8221;, hanem ink\u00e1bb azt kell megk\u00e9rdezni: mit tehet\u00fcnk az\u00e9rt, hogy elker\u00fclj\u00fck a hasonl\u00f3 hib\u00e1kat a j\u00f6v\u0151ben? Ez a fajta tanul\u00e1s \u00e9s adapt\u00e1ci\u00f3 seg\u00edthet abban, hogy jav\u00edtsuk a projektjeink sikeress\u00e9g\u00e9nek es\u00e9lyeit a j\u00f6v\u0151ben. \u00c9n ink\u00e1bb hiszek ebben a folyamatos fejl\u0151d\u00e9sben, mint az \u00fczleti zsenik m\u00edtosz\u00e1ban. Ez a legfontosabb alapelv a v\u00e1llalkoz\u00e1sunkban, hogy mindig tanuljunk \u00e9s v\u00e1ltozzunk a tapasztalatok alapj\u00e1n.    <\/p>\n\n<figure class=\"wp-block-image size-full\"><img decoding=\"async\" width=\"1482\" height=\"987\" src=\"https:\/\/precognox.com\/wp-content\/uploads\/2024\/04\/Horvath-Otto-az-Ev-Informatika-Tanara-Somogyban-1.png\" alt=\"A k&#xE9;pen Horv&#xE1;th Ott&#xF3;, a 2023-as &#xC9;v Informatika Tan&#xE1;ra &#xE1;ll oklevel&#xE9;vel. A fot&#xF3; a Csillag teremben k&#xE9;sz&#xFC;lt a szeptemberi d&#xED;j&#xE1;tad&#xF3;n.\" class=\"wp-image-4095\" srcset=\"https:\/\/precognox.com\/wp-content\/uploads\/2024\/04\/Horvath-Otto-az-Ev-Informatika-Tanara-Somogyban-1.png 1482w, https:\/\/precognox.com\/wp-content\/uploads\/2024\/04\/Horvath-Otto-az-Ev-Informatika-Tanara-Somogyban-1-768x511.png 768w, https:\/\/precognox.com\/wp-content\/uploads\/2024\/04\/Horvath-Otto-az-Ev-Informatika-Tanara-Somogyban-1-1200x799.png 1200w, https:\/\/precognox.com\/wp-content\/uploads\/2024\/04\/Horvath-Otto-az-Ev-Informatika-Tanara-Somogyban-1-600x400.png 600w\" sizes=\"(max-width: 1482px) 100vw, 1482px\" \/><figcaption class=\"wp-element-caption\">2023-ban Horv\u00e1th Ott\u00f3 nyerte el az \u00c9v Informatika Tan\u00e1ra Program f\u0151d\u00edj\u00e1t.<br\/>Akkor, t\u00e1mogat\u00f3kkal kieg\u00e9sz\u00fclve, k\u00f6zel 4 milli\u00f3 forintot siker\u00fclt \u00f6sszegy\u0171jten\u00fcnk, hogy t\u00e1mogassuk a region\u00e1lis oktat\u00e1si int\u00e9zm\u00e9nyeket eszk\u00f6zt.  <\/figcaption><\/figure>\n\n<h2 class=\"wp-block-heading has-text-color has-link-color wp-elements-93ecead75569bc8a5b5206bf5a537a9b\" style=\"color:#117cb8;font-size:24px\"><strong>Mit mondan\u00e1tok saj\u00e1t magatoknak, ha most kezd\u0151k lenn\u00e9tek?<\/strong><\/h2>\n\n<p><strong><em>Endre: <\/em><\/strong>Neh\u00e9z lenne, mert igaz\u00e1n csak tapasztalat szerz\u00e9ssel lehet tanulni. Mindig arra t\u00f6rekedt\u00fcnk, hogy tudatosan reag\u00e1ljunk azokra a term\u00e9szetes kih\u00edv\u00e1sokra, amelyekkel szembes\u00fcl\u00fcnk. Az, hogy az ember ezekb\u0151l tanuljon, gyakorlatilag elengedhetetlen. Teh\u00e1t ha valami nem siker\u00fcl, az ne jelentsen akad\u00e1lyt, hanem ink\u00e1bb lehet\u0151s\u00e9get arra, hogy tanuljunk bel\u0151le. A legjobb tan\u00e1cs, amit adhatok, az az, hogy minden helyzetre reflekt\u00e1ljunk egy kicsit. Ez nem felt\u00e9tlen\u00fcl jelenti azt, hogy m\u00e9lyen kell belemenn\u00fcnk minden apr\u00f3 r\u00e9szletbe.     <\/p>\n\n<p><strong>Az legyen a c\u00e9lunk, hogy ne keress\u00fck a hib\u00e1t, hanem azt, hogy hogyan tehetn\u00e9nk a dolgokat egy kicsit jobb\u00e1. Ha \u00edgy tesz\u00fcnk, akkor fontos l\u00e9p\u00e9seket tesz\u00fcnk el\u0151re \u00e9s nem csak azonnali megold\u00e1sokkal foglalkozunk. <\/strong><\/p>\n\n<h2 class=\"wp-block-heading has-text-color has-link-color wp-elements-d7ce6f698922b9684333810ff709547d\" style=\"color:#117cb8;font-size:24px\"><strong>Mit hallgattok, olvastok, illetve n\u00e9ztek \u00e1ltal\u00e1ban?<\/strong><\/h2>\n\n<p><em><strong>Endre: <\/strong><\/em> Egy k\u00f6nyvet mondan\u00e9k, ami abszol\u00fat nem tipikus. Andre Comte, egy ma is \u00e9l\u0151 filoz\u00f3fusnak a k\u00f6nyve: \u201cKis k\u00f6nyv nagy er\u00e9nyekr\u0151l\u201d. Ezt egy bar\u00e1tom aj\u00e1nlotta. A mondatok fel\u00e9t tal\u00e1n \u00e9rtem a k\u00f6nyvben, nehezen olvashat\u00f3, de abszol\u00fat hozok bel\u0151le j\u00f3 gondolatokat. Feles\u00e9gemmel meg Marci fiammal egy\u00fctt n\u00e9zt\u00fck a Young Sheldon-t. Nagyon sz\u00f3rakoztat\u00f3 volt sz\u00fcl\u0151k\u00e9nt is a kis okostoj\u00e1snak a sztorija.    <\/p>\n\n<p><em><strong>Karesz<\/strong><\/em><em>:<\/em> Ilyen k\u00f6nnyed tartalmakat, \u00e9n is fogyasztok a feles\u00e9gemmel, \u00e9s t\u00f6bbnyire abban az id\u0151ben, amikor lehet\u0151s\u00e9gem van. Nem csatorn\u00e1kat figyelek, hanem ink\u00e1bb tematikusan n\u00e9zek t\u00f6rt\u00e9neteket. <\/p>\n\n<h2 class=\"wp-block-heading has-text-color has-link-color wp-elements-49f556cff00b12a6746eb74153ccd0a8\" style=\"color:#117cb8;font-size:24px\"><strong>Mi az, ami szakmailag most inspir\u00e1l legjobban?<\/strong><\/h2>\n\n<p><em><strong>Endre<\/strong><\/em><strong>: <\/strong>A sales csapatnak, sales rendszernek a ki\u00e9p\u00edt\u00e9se. Nem akarok e m\u00f6g\u00e9 b\u00fajni, de \u00e9n t\u00e9nyleg \u00fagy l\u00e1tom, hogy a magyar h\u00e1tter\u0171 c\u00e9gek 90%-\u00e1nak ez az egyik legnagyobb probl\u00e9m\u00e1ja. Egy\u00e9bk\u00e9nt most m\u00e1r b\u0151v\u00fclt\u00fcnk, lett sales asszisztens \u00e9s lett egy \u00fajabb sales-es, most, december elej\u00e9n kezdett egy fiatalember, \u00fagyhogy nagy rem\u00e9nyekkel folytatjuk az \u00e9vet, fejl\u0151d\u00fcnk.  <\/p>\n\n<p><strong><em>Karesz:<\/em><\/strong><strong> <\/strong>\u00c9n a c\u00e9g \u00e9p\u00edt\u0151 tulajdonosa \u00e9s a technol\u00f3giai vezet\u0151je vagyok \u00e9s a tal\u00e1lkoz\u00e1si pontokon kell most sokat dolgoznom. Szervezeti \u00e1talak\u00edt\u00e1son megy\u00fcnk \u00e1t, \u00f6n\u00e1ll\u00f3 ter\u00fcleteket kapnak a proakt\u00edv koll\u00e9g\u00e1ink. Ennek a t\u00e1mogat\u00e1sa, az \u00f6n\u00e1ll\u00f3 hangjuk b\u00e1tor\u00edt\u00e1sa, a strat\u00e9giai ir\u00e1ny mutat\u00e1sa inspir\u00e1l\u00f3 sz\u00e1momra. Az AI nagyon megy, n\u00e1lunk t\u00e9nyleg abszol\u00fat betal\u00e1lt. Nem most kezdt\u00fcnk vele foglalkozni \u00e9s ennek j\u00f3l megtal\u00e1lni a beilleszked\u00e9s\u00e9t az \u00fcgyfeleink szervezet\u00e9be izgalmas kih\u00edv\u00e1s. CTO-k\u00e9nt arra koncentr\u00e1lok, hogy a ter\u00fcletek vezet\u0151i min\u00e9l jobban megtal\u00e1lj\u00e1k a saj\u00e1t hangjukat meg ir\u00e1nyaikat a c\u00e9g \u00e9s a csapat k\u00f6z\u00f6s haszn\u00e1ra.     <\/p>\n","protected":false},"excerpt":{"rendered":"<p>Forr\u00e1s: Magyar Business Podcast Bevezet\u0151 sz\u00f6veg: J\u00f3f\u00f6ldi Endre \u00e9s K\u00e1sa K\u00e1roly a Magyar Business Podcast vend\u00e9gei voltak, ahol egy k\u00f6tetlen besz\u00e9lget\u00e9s keretei k\u00f6z\u00f6tt osztott\u00e1k meg tapasztalataikat az indul\u00e1sr\u00f3l, kezdeti neh\u00e9zs\u00e9gekr\u0151l, majd a folyamatos, dinamikus fejl\u0151d\u00e9sr\u0151l, aminek k\u00f6sz\u00f6nhet\u0151en mostanra a Precognox az AI \u00e9s a digit\u00e1lis akad\u00e1lymentes\u00edt\u00e9s ter\u00fcletein is bizony\u00edtani tudja szak\u00e9rtelm\u00e9t. Kik vagytok, honnan j\u00f6ttetek? [&hellip;]<\/p>\n","protected":false},"author":4,"featured_media":5275,"comment_status":"closed","ping_status":"closed","sticky":false,"template":"","format":"standard","meta":{"_acf_changed":false,"footnotes":""},"categories":[18,20],"tags":[],"class_list":["post-5269","post","type-post","status-publish","format-standard","has-post-thumbnail","hentry","category-elet-a-precognoxnal","category-uzleti-utak-innovacio"],"acf":[],"_links":{"self":[{"href":"https:\/\/precognox.com\/hu\/wp-json\/wp\/v2\/posts\/5269","targetHints":{"allow":["GET"]}}],"collection":[{"href":"https:\/\/precognox.com\/hu\/wp-json\/wp\/v2\/posts"}],"about":[{"href":"https:\/\/precognox.com\/hu\/wp-json\/wp\/v2\/types\/post"}],"author":[{"embeddable":true,"href":"https:\/\/precognox.com\/hu\/wp-json\/wp\/v2\/users\/4"}],"replies":[{"embeddable":true,"href":"https:\/\/precognox.com\/hu\/wp-json\/wp\/v2\/comments?post=5269"}],"version-history":[{"count":7,"href":"https:\/\/precognox.com\/hu\/wp-json\/wp\/v2\/posts\/5269\/revisions"}],"predecessor-version":[{"id":5298,"href":"https:\/\/precognox.com\/hu\/wp-json\/wp\/v2\/posts\/5269\/revisions\/5298"}],"wp:featuredmedia":[{"embeddable":true,"href":"https:\/\/precognox.com\/hu\/wp-json\/wp\/v2\/media\/5275"}],"wp:attachment":[{"href":"https:\/\/precognox.com\/hu\/wp-json\/wp\/v2\/media?parent=5269"}],"wp:term":[{"taxonomy":"category","embeddable":true,"href":"https:\/\/precognox.com\/hu\/wp-json\/wp\/v2\/categories?post=5269"},{"taxonomy":"post_tag","embeddable":true,"href":"https:\/\/precognox.com\/hu\/wp-json\/wp\/v2\/tags?post=5269"}],"curies":[{"name":"wp","href":"https:\/\/api.w.org\/{rel}","templated":true}]}}